{"id":1234,"date":"2025-05-10T09:11:36","date_gmt":"2025-05-10T09:11:36","guid":{"rendered":"https:\/\/www.racingfortheclimate.com\/?p=1234"},"modified":"2025-05-10T09:13:38","modified_gmt":"2025-05-10T09:13:38","slug":"stem-racing","status":"publish","type":"post","link":"https:\/\/www.racingfortheclimate.com\/index.php\/2025\/05\/10\/stem-racing\/","title":{"rendered":"STEM Racing"},"content":{"rendered":"\t\t<div data-elementor-type=\"wp-post\" data-elementor-id=\"1234\" class=\"elementor elementor-1234\" data-elementor-post-type=\"post\">\n\t\t\t\t<div class=\"elementor-element elementor-element-4bd65ca e-flex e-con-boxed e-con e-parent\" data-id=\"4bd65ca\" data-element_type=\"container\">\n\t\t\t\t\t<div class=\"e-con-inner\">\n\t\t\t\t<div class=\"elementor-element elementor-element-59687e99 elementor-widget elementor-widget-text-editor\" data-id=\"59687e99\" data-element_type=\"widget\" data-widget_type=\"text-editor.default\">\n\t\t\t\t<div class=\"elementor-widget-container\">\n\t\t\t\t\t\t\t\t\t<p><\/p>\n<h6>Gr\u00f6\u00dftes MINT-Programm der Welt<\/h6>\n<p class=\"wp-block-paragraph\">Mit 26.000 Schulen in 57 L\u00e4ndern und auf sechs Kontinenten ist es das gr\u00f6\u00dfte schulbasierte MINT-Programm der Welt. STEM Racing verbindet Motorsport, Technikbegeisterung und Nachhaltigkeit auf einzigartige Weise. Der Wettbewerb schafft ein Bewusstsein f\u00fcr umweltfreundliche Innovationen und f\u00f6rdert die n\u00e4chste Generation von Ingenieurinnen und Ingenieuren, die den Wandel hin zu einer klimafreundlichen Mobilit\u00e4t aktiv mitgestalten werden \u2013 ein Vorbild f\u00fcr nachhaltige Nachwuchsf\u00f6rderung im deutschen Motorsport.<\/p>\n<h6>Konzept und Ablauf<\/h6>\n<p>Die Teams entwickeln, fertigen und testen Miniatur-Rennwagen, die von Gaspatronen angetrieben werden und auf einer 20 Meter langen Strecke gegeneinander antreten. Neben der Geschwindigkeit der Fahrzeuge z\u00e4hlen Konstruktion, Fertigung, Teamarbeit, Businessplan und Pr\u00e4sentation zur Gesamtwertung. Die besten Teams qualifizieren sich \u00fcber Regional- und Landesmeisterschaften f\u00fcr die Deutsche Meisterschaft und k\u00f6nnen sich f\u00fcr das Weltfinale qualifizieren, das zuletzt zweimal in Folge von deutschen Teams gewonnen wurde. Beim Finale der Saison 2024 im Rahmen des Formel-1-Grand-Prix in Saudi-Arabien sorgten Teams aus Friedrichshafen und Hamburg sogar erstmals f\u00fcr einen deutschen Doppelsieg.<\/p>\n<h6>Nachhaltigkeit im Mittelpunkt<\/h6>\n<p>STEM Racing nutzt die Begeisterung f\u00fcr Motorsport, um jungen Menschen praxisnahe Einblicke in nachhaltige Produktentwicklung und ressourcenschonende Fertigung zu geben. Workshops und Kooperationen mit Hochschulen und Unternehmen vermitteln Wissen zu modernen Fertigungsverfahren wie 3D-Druck und Str\u00f6mungsanalyse, wobei effiziente Materialnutzung und Energieeinsparung im Fokus stehen.<\/p>\n<h6>F\u00f6rderung von Umwelt- und Klimaschutz<\/h6>\n<p>Die Teams werden ermutigt, nachhaltige Materialien und Prozesse zu nutzen, etwa beim Design und der Herstellung der Rennwagen. Viele Veranstaltungen setzen auf digitale Einreichungen und papierlose Abl\u00e4ufe, um Ressourcen zu schonen. Die Integration von Nachhaltigkeitsthemen in die Bewertungskriterien f\u00f6rdert das Bewusstsein f\u00fcr Umweltschutz und nachhaltige Innovation bei den Teilnehmenden.<\/p>\n<h6>Vorbildfunktion f\u00fcr die Mobilit\u00e4t der Zukunft<\/h6>\n<p>STEM Racing inspiriert Sch\u00fclerinnen und Sch\u00fcler, sich mit den Herausforderungen nachhaltiger Mobilit\u00e4t auseinanderzusetzen und eigene L\u00f6sungen zu entwickeln. Durch die Zusammenarbeit mit Industriepartnern und Hochschulen werden aktuelle Trends wie Elektromobilit\u00e4t, Leichtbau und Kreislaufwirtschaft praxisnah vermittelt.<\/p>\n<h6>STEM Racing Germany<\/h6>\n<p>In Deutschland ist STEM Racing fest in der Bildungslandschaft verankert: Zahlreiche Schulen, Hochschulen und Unternehmen unterst\u00fctzen den Wettbewerb und bieten Workshops, Mentoring und technische Ausstattung an. Der Wettbewerb f\u00f6rdert Teamgeist, Kreativit\u00e4t, Diversit\u00e4t und Chancengleichheit \u2013 zentrale Werte f\u00fcr eine nachhaltige Gesellschaft. STEM Racing Germany leistet einen wichtigen Beitrag zur Nachwuchsf\u00f6rderung in den MINT-F\u00e4chern (Mathematik, Informatik, Naturwissenschaften, Technik) und tr\u00e4gt dazu bei, junge Talente f\u00fcr nachhaltige Technologien und den Motorsport zu begeistern. <\/p>\n<p><\/p>\t\t\t\t\t\t\t\t<\/div>\n\t\t\t\t<\/div>\n\t\t\t\t\t<\/div>\n\t\t\t\t<\/div>\n\t\t\t\t<\/div>\n\t\t","protected":false},"excerpt":{"rendered":"<p>STEM Racing (ehemals F1 in Schools) ist ein multidisziplin\u00e4rer, internationaler Technologie-Wettbewerb, der Sch\u00fclerinnen und Sch\u00fcler im Alter von 11 bis 19 Jahren f\u00fcr Technik, Wissenschaft und nachhaltige Innovation begeistert. Der Wettbewerb verbindet Motorsport-Faszination mit praxisnaher Bildung und legt dabei zunehmend Wert auf Nachhaltigkeit und Zukunftsf\u00e4higkeit.\u00a0<\/p>\n","protected":false},"author":1,"featured_media":1235,"comment_status":"closed","ping_status":"closed","sticky":false,"template":"","format":"standard","meta":{"_acf_changed":false,"_crdt_document":"","footnotes":""},"categories":[14,12],"tags":[],"class_list":["post-1234","post","type-post","status-publish","format-standard","has-post-thumbnail","hentry","category-rennserien","category-wiki"],"acf":[],"yoast_head":"<!-- This site is optimized with the Yoast SEO plugin v26.8 - https:\/\/yoast.com\/product\/yoast-seo-wordpress\/ -->\n<title>STEM Racing - Racing For The Climate e.V.<\/title>\n<meta name=\"robots\" content=\"index, follow, max-snippet:-1, max-image-preview:large, max-video-preview:-1\" \/>\n<link rel=\"canonical\" href=\"https:\/\/www.racingfortheclimate.com\/index.php\/2025\/05\/10\/stem-racing\/\" \/>\n<meta property=\"og:locale\" content=\"de_DE\" \/>\n<meta property=\"og:type\" content=\"article\" \/>\n<meta property=\"og:title\" content=\"STEM Racing - Racing For The Climate e.V.\" \/>\n<meta property=\"og:description\" content=\"STEM Racing (ehemals F1 in Schools) ist ein multidisziplin\u00e4rer, internationaler Technologie-Wettbewerb, der Sch\u00fclerinnen und Sch\u00fcler im Alter von 11 bis 19 Jahren f\u00fcr Technik, Wissenschaft und nachhaltige Innovation begeistert. Der Wettbewerb verbindet Motorsport-Faszination mit praxisnaher Bildung und legt dabei zunehmend Wert auf Nachhaltigkeit und Zukunftsf\u00e4higkeit.\u00a0\" \/>\n<meta property=\"og:url\" content=\"https:\/\/www.racingfortheclimate.com\/index.php\/2025\/05\/10\/stem-racing\/\" \/>\n<meta property=\"og:site_name\" content=\"Racing For The Climate e.V.\" \/>\n<meta property=\"article:publisher\" content=\"https:\/\/www.linkedin.com\/company\/racing-for-the-climate\/\" \/>\n<meta property=\"article:published_time\" content=\"2025-05-10T09:11:36+00:00\" \/>\n<meta property=\"article:modified_time\" content=\"2025-05-10T09:13:38+00:00\" \/>\n<meta property=\"og:image\" content=\"https:\/\/www.racingfortheclimate.com\/wp-content\/uploads\/2025\/05\/evolut1on-car.jpg\" \/>\n\t<meta property=\"og:image:width\" content=\"1920\" \/>\n\t<meta property=\"og:image:height\" content=\"1080\" \/>\n\t<meta property=\"og:image:type\" content=\"image\/jpeg\" \/>\n<meta name=\"author\" content=\"admin\" \/>\n<meta name=\"twitter:card\" content=\"summary_large_image\" \/>\n<meta name=\"twitter:label1\" content=\"Verfasst von\" \/>\n\t<meta name=\"twitter:data1\" content=\"admin\" \/>\n\t<meta name=\"twitter:label2\" content=\"Gesch\u00e4tzte Lesezeit\" \/>\n\t<meta name=\"twitter:data2\" content=\"3\u00a0Minuten\" \/>\n<script type=\"application\/ld+json\" class=\"yoast-schema-graph\">{\"@context\":\"https:\/\/schema.org\",\"@graph\":[{\"@type\":\"Article\",\"@id\":\"https:\/\/www.racingfortheclimate.com\/index.php\/2025\/05\/10\/stem-racing\/#article\",\"isPartOf\":{\"@id\":\"https:\/\/www.racingfortheclimate.com\/index.php\/2025\/05\/10\/stem-racing\/\"},\"author\":{\"name\":\"admin\",\"@id\":\"https:\/\/www.racingfortheclimate.com\/#\/schema\/person\/42ae2e81a4dcd576ae802c8a464954e8\"},\"headline\":\"STEM Racing\",\"datePublished\":\"2025-05-10T09:11:36+00:00\",\"dateModified\":\"2025-05-10T09:13:38+00:00\",\"mainEntityOfPage\":{\"@id\":\"https:\/\/www.racingfortheclimate.com\/index.php\/2025\/05\/10\/stem-racing\/\"},\"wordCount\":410,\"publisher\":{\"@id\":\"https:\/\/www.racingfortheclimate.com\/#organization\"},\"image\":{\"@id\":\"https:\/\/www.racingfortheclimate.com\/index.php\/2025\/05\/10\/stem-racing\/#primaryimage\"},\"thumbnailUrl\":\"https:\/\/www.racingfortheclimate.com\/wp-content\/uploads\/2025\/05\/evolut1on-car.webp\",\"articleSection\":[\"Rennserien\",\"wiki\"],\"inLanguage\":\"de\"},{\"@type\":\"WebPage\",\"@id\":\"https:\/\/www.racingfortheclimate.com\/index.php\/2025\/05\/10\/stem-racing\/\",\"url\":\"https:\/\/www.racingfortheclimate.com\/index.php\/2025\/05\/10\/stem-racing\/\",\"name\":\"STEM Racing - Racing For The Climate e.V.\",\"isPartOf\":{\"@id\":\"https:\/\/www.racingfortheclimate.com\/#website\"},\"primaryImageOfPage\":{\"@id\":\"https:\/\/www.racingfortheclimate.com\/index.php\/2025\/05\/10\/stem-racing\/#primaryimage\"},\"image\":{\"@id\":\"https:\/\/www.racingfortheclimate.com\/index.php\/2025\/05\/10\/stem-racing\/#primaryimage\"},\"thumbnailUrl\":\"https:\/\/www.racingfortheclimate.com\/wp-content\/uploads\/2025\/05\/evolut1on-car.webp\",\"datePublished\":\"2025-05-10T09:11:36+00:00\",\"dateModified\":\"2025-05-10T09:13:38+00:00\",\"breadcrumb\":{\"@id\":\"https:\/\/www.racingfortheclimate.com\/index.php\/2025\/05\/10\/stem-racing\/#breadcrumb\"},\"inLanguage\":\"de\",\"potentialAction\":[{\"@type\":\"ReadAction\",\"target\":[\"https:\/\/www.racingfortheclimate.com\/index.php\/2025\/05\/10\/stem-racing\/\"]}]},{\"@type\":\"ImageObject\",\"inLanguage\":\"de\",\"@id\":\"https:\/\/www.racingfortheclimate.com\/index.php\/2025\/05\/10\/stem-racing\/#primaryimage\",\"url\":\"https:\/\/www.racingfortheclimate.com\/wp-content\/uploads\/2025\/05\/evolut1on-car.webp\",\"contentUrl\":\"https:\/\/www.racingfortheclimate.com\/wp-content\/uploads\/2025\/05\/evolut1on-car.webp\",\"width\":1920,\"height\":1080},{\"@type\":\"BreadcrumbList\",\"@id\":\"https:\/\/www.racingfortheclimate.com\/index.php\/2025\/05\/10\/stem-racing\/#breadcrumb\",\"itemListElement\":[{\"@type\":\"ListItem\",\"position\":1,\"name\":\"Startseite\",\"item\":\"https:\/\/www.racingfortheclimate.com\/\"},{\"@type\":\"ListItem\",\"position\":2,\"name\":\"STEM Racing\"}]},{\"@type\":\"WebSite\",\"@id\":\"https:\/\/www.racingfortheclimate.com\/#website\",\"url\":\"https:\/\/www.racingfortheclimate.com\/\",\"name\":\"Racing For The Climate e.V.\",\"description\":\"Motorsport als Vorbild\",\"publisher\":{\"@id\":\"https:\/\/www.racingfortheclimate.com\/#organization\"},\"potentialAction\":[{\"@type\":\"SearchAction\",\"target\":{\"@type\":\"EntryPoint\",\"urlTemplate\":\"https:\/\/www.racingfortheclimate.com\/?s={search_term_string}\"},\"query-input\":{\"@type\":\"PropertyValueSpecification\",\"valueRequired\":true,\"valueName\":\"search_term_string\"}}],\"inLanguage\":\"de\"},{\"@type\":\"Organization\",\"@id\":\"https:\/\/www.racingfortheclimate.com\/#organization\",\"name\":\"Racing For The Climate e.V.\",\"url\":\"https:\/\/www.racingfortheclimate.com\/\",\"logo\":{\"@type\":\"ImageObject\",\"inLanguage\":\"de\",\"@id\":\"https:\/\/www.racingfortheclimate.com\/#\/schema\/logo\/image\/\",\"url\":\"https:\/\/www.racingfortheclimate.com\/wp-content\/uploads\/2024\/01\/racingfortheclimate_neg.webp\",\"contentUrl\":\"https:\/\/www.racingfortheclimate.com\/wp-content\/uploads\/2024\/01\/racingfortheclimate_neg.webp\",\"width\":470,\"height\":67,\"caption\":\"Racing For The Climate e.V.\"},\"image\":{\"@id\":\"https:\/\/www.racingfortheclimate.com\/#\/schema\/logo\/image\/\"},\"sameAs\":[\"https:\/\/www.linkedin.com\/company\/racing-for-the-climate\/\"]},{\"@type\":\"Person\",\"@id\":\"https:\/\/www.racingfortheclimate.com\/#\/schema\/person\/42ae2e81a4dcd576ae802c8a464954e8\",\"name\":\"admin\",\"image\":{\"@type\":\"ImageObject\",\"inLanguage\":\"de\",\"@id\":\"https:\/\/www.racingfortheclimate.com\/#\/schema\/person\/image\/\",\"url\":\"https:\/\/secure.gravatar.com\/avatar\/203bd553040f01adbcdbf84140d20a6bf04a57def18259ea09d55598b6b8fc97?s=96&d=mm&r=g\",\"contentUrl\":\"https:\/\/secure.gravatar.com\/avatar\/203bd553040f01adbcdbf84140d20a6bf04a57def18259ea09d55598b6b8fc97?s=96&d=mm&r=g\",\"caption\":\"admin\"},\"sameAs\":[\"https:\/\/racingfortheclimate.com\"],\"url\":\"https:\/\/www.racingfortheclimate.com\/index.php\/author\/tvoigt\/\"}]}<\/script>\n<!-- \/ Yoast SEO plugin. -->","yoast_head_json":{"title":"STEM Racing - Racing For The Climate e.V.","robots":{"index":"index","follow":"follow","max-snippet":"max-snippet:-1","max-image-preview":"max-image-preview:large","max-video-preview":"max-video-preview:-1"},"canonical":"https:\/\/www.racingfortheclimate.com\/index.php\/2025\/05\/10\/stem-racing\/","og_locale":"de_DE","og_type":"article","og_title":"STEM Racing - Racing For The Climate e.V.","og_description":"STEM Racing (ehemals F1 in Schools) ist ein multidisziplin\u00e4rer, internationaler Technologie-Wettbewerb, der Sch\u00fclerinnen und Sch\u00fcler im Alter von 11 bis 19 Jahren f\u00fcr Technik, Wissenschaft und nachhaltige Innovation begeistert. Der Wettbewerb verbindet Motorsport-Faszination mit praxisnaher Bildung und legt dabei zunehmend Wert auf Nachhaltigkeit und Zukunftsf\u00e4higkeit.\u00a0","og_url":"https:\/\/www.racingfortheclimate.com\/index.php\/2025\/05\/10\/stem-racing\/","og_site_name":"Racing For The Climate e.V.","article_publisher":"https:\/\/www.linkedin.com\/company\/racing-for-the-climate\/","article_published_time":"2025-05-10T09:11:36+00:00","article_modified_time":"2025-05-10T09:13:38+00:00","og_image":[{"width":1920,"height":1080,"url":"https:\/\/www.racingfortheclimate.com\/wp-content\/uploads\/2025\/05\/evolut1on-car.jpg","type":"image\/jpeg"}],"author":"admin","twitter_card":"summary_large_image","twitter_misc":{"Verfasst von":"admin","Gesch\u00e4tzte Lesezeit":"3\u00a0Minuten"},"schema":{"@context":"https:\/\/schema.org","@graph":[{"@type":"Article","@id":"https:\/\/www.racingfortheclimate.com\/index.php\/2025\/05\/10\/stem-racing\/#article","isPartOf":{"@id":"https:\/\/www.racingfortheclimate.com\/index.php\/2025\/05\/10\/stem-racing\/"},"author":{"name":"admin","@id":"https:\/\/www.racingfortheclimate.com\/#\/schema\/person\/42ae2e81a4dcd576ae802c8a464954e8"},"headline":"STEM Racing","datePublished":"2025-05-10T09:11:36+00:00","dateModified":"2025-05-10T09:13:38+00:00","mainEntityOfPage":{"@id":"https:\/\/www.racingfortheclimate.com\/index.php\/2025\/05\/10\/stem-racing\/"},"wordCount":410,"publisher":{"@id":"https:\/\/www.racingfortheclimate.com\/#organization"},"image":{"@id":"https:\/\/www.racingfortheclimate.com\/index.php\/2025\/05\/10\/stem-racing\/#primaryimage"},"thumbnailUrl":"https:\/\/www.racingfortheclimate.com\/wp-content\/uploads\/2025\/05\/evolut1on-car.webp","articleSection":["Rennserien","wiki"],"inLanguage":"de"},{"@type":"WebPage","@id":"https:\/\/www.racingfortheclimate.com\/index.php\/2025\/05\/10\/stem-racing\/","url":"https:\/\/www.racingfortheclimate.com\/index.php\/2025\/05\/10\/stem-racing\/","name":"STEM Racing - Racing For The Climate e.V.","isPartOf":{"@id":"https:\/\/www.racingfortheclimate.com\/#website"},"primaryImageOfPage":{"@id":"https:\/\/www.racingfortheclimate.com\/index.php\/2025\/05\/10\/stem-racing\/#primaryimage"},"image":{"@id":"https:\/\/www.racingfortheclimate.com\/index.php\/2025\/05\/10\/stem-racing\/#primaryimage"},"thumbnailUrl":"https:\/\/www.racingfortheclimate.com\/wp-content\/uploads\/2025\/05\/evolut1on-car.webp","datePublished":"2025-05-10T09:11:36+00:00","dateModified":"2025-05-10T09:13:38+00:00","breadcrumb":{"@id":"https:\/\/www.racingfortheclimate.com\/index.php\/2025\/05\/10\/stem-racing\/#breadcrumb"},"inLanguage":"de","potentialAction":[{"@type":"ReadAction","target":["https:\/\/www.racingfortheclimate.com\/index.php\/2025\/05\/10\/stem-racing\/"]}]},{"@type":"ImageObject","inLanguage":"de","@id":"https:\/\/www.racingfortheclimate.com\/index.php\/2025\/05\/10\/stem-racing\/#primaryimage","url":"https:\/\/www.racingfortheclimate.com\/wp-content\/uploads\/2025\/05\/evolut1on-car.webp","contentUrl":"https:\/\/www.racingfortheclimate.com\/wp-content\/uploads\/2025\/05\/evolut1on-car.webp","width":1920,"height":1080},{"@type":"BreadcrumbList","@id":"https:\/\/www.racingfortheclimate.com\/index.php\/2025\/05\/10\/stem-racing\/#breadcrumb","itemListElement":[{"@type":"ListItem","position":1,"name":"Startseite","item":"https:\/\/www.racingfortheclimate.com\/"},{"@type":"ListItem","position":2,"name":"STEM Racing"}]},{"@type":"WebSite","@id":"https:\/\/www.racingfortheclimate.com\/#website","url":"https:\/\/www.racingfortheclimate.com\/","name":"Racing For The Climate e.V.","description":"Motorsport als Vorbild","publisher":{"@id":"https:\/\/www.racingfortheclimate.com\/#organization"},"potentialAction":[{"@type":"SearchAction","target":{"@type":"EntryPoint","urlTemplate":"https:\/\/www.racingfortheclimate.com\/?s={search_term_string}"},"query-input":{"@type":"PropertyValueSpecification","valueRequired":true,"valueName":"search_term_string"}}],"inLanguage":"de"},{"@type":"Organization","@id":"https:\/\/www.racingfortheclimate.com\/#organization","name":"Racing For The Climate e.V.","url":"https:\/\/www.racingfortheclimate.com\/","logo":{"@type":"ImageObject","inLanguage":"de","@id":"https:\/\/www.racingfortheclimate.com\/#\/schema\/logo\/image\/","url":"https:\/\/www.racingfortheclimate.com\/wp-content\/uploads\/2024\/01\/racingfortheclimate_neg.webp","contentUrl":"https:\/\/www.racingfortheclimate.com\/wp-content\/uploads\/2024\/01\/racingfortheclimate_neg.webp","width":470,"height":67,"caption":"Racing For The Climate e.V."},"image":{"@id":"https:\/\/www.racingfortheclimate.com\/#\/schema\/logo\/image\/"},"sameAs":["https:\/\/www.linkedin.com\/company\/racing-for-the-climate\/"]},{"@type":"Person","@id":"https:\/\/www.racingfortheclimate.com\/#\/schema\/person\/42ae2e81a4dcd576ae802c8a464954e8","name":"admin","image":{"@type":"ImageObject","inLanguage":"de","@id":"https:\/\/www.racingfortheclimate.com\/#\/schema\/person\/image\/","url":"https:\/\/secure.gravatar.com\/avatar\/203bd553040f01adbcdbf84140d20a6bf04a57def18259ea09d55598b6b8fc97?s=96&d=mm&r=g","contentUrl":"https:\/\/secure.gravatar.com\/avatar\/203bd553040f01adbcdbf84140d20a6bf04a57def18259ea09d55598b6b8fc97?s=96&d=mm&r=g","caption":"admin"},"sameAs":["https:\/\/racingfortheclimate.com"],"url":"https:\/\/www.racingfortheclimate.com\/index.php\/author\/tvoigt\/"}]}},"_links":{"self":[{"href":"https:\/\/www.racingfortheclimate.com\/index.php\/wp-json\/wp\/v2\/posts\/1234","targetHints":{"allow":["GET"]}}],"collection":[{"href":"https:\/\/www.racingfortheclimate.com\/index.php\/wp-json\/wp\/v2\/posts"}],"about":[{"href":"https:\/\/www.racingfortheclimate.com\/index.php\/wp-json\/wp\/v2\/types\/post"}],"author":[{"embeddable":true,"href":"https:\/\/www.racingfortheclimate.com\/index.php\/wp-json\/wp\/v2\/users\/1"}],"replies":[{"embeddable":true,"href":"https:\/\/www.racingfortheclimate.com\/index.php\/wp-json\/wp\/v2\/comments?post=1234"}],"version-history":[{"count":4,"href":"https:\/\/www.racingfortheclimate.com\/index.php\/wp-json\/wp\/v2\/posts\/1234\/revisions"}],"predecessor-version":[{"id":1239,"href":"https:\/\/www.racingfortheclimate.com\/index.php\/wp-json\/wp\/v2\/posts\/1234\/revisions\/1239"}],"wp:featuredmedia":[{"embeddable":true,"href":"https:\/\/www.racingfortheclimate.com\/index.php\/wp-json\/wp\/v2\/media\/1235"}],"wp:attachment":[{"href":"https:\/\/www.racingfortheclimate.com\/index.php\/wp-json\/wp\/v2\/media?parent=1234"}],"wp:term":[{"taxonomy":"category","embeddable":true,"href":"https:\/\/www.racingfortheclimate.com\/index.php\/wp-json\/wp\/v2\/categories?post=1234"},{"taxonomy":"post_tag","embeddable":true,"href":"https:\/\/www.racingfortheclimate.com\/index.php\/wp-json\/wp\/v2\/tags?post=1234"}],"curies":[{"name":"wp","href":"https:\/\/api.w.org\/{rel}","templated":true}]}}